{"id":8082,"date":"2023-07-02T12:03:19","date_gmt":"2023-07-02T10:03:19","guid":{"rendered":"https:\/\/lawan.com\/?p=8082"},"modified":"2023-07-02T13:01:46","modified_gmt":"2023-07-02T11:01:46","slug":"rusya-ji-bo-irane-pistgiri-yan-ji-diwareki-li-ser-cemede-ye","status":"publish","type":"post","link":"https:\/\/lawan.com\/?p=8082","title":{"rendered":"R\u00fbsya ji bo \u00ceran\u00ea pi\u015ftgir\u00ee yan j\u00ee d\u00eewarek\u00ee li ser cemed\u00ea ye"},"content":{"rendered":"\n<p class=\"has-text-align-left\">N: S\u00eena n\u00fbr\u00ee<br>Bel\u00ea, ji m\u00eaj ve t\u00ea gotin ku hik\u00fbmeta ber\u00ea ya Sovyet an j\u00ee R\u00fbsya nikare ji kes\u00ee re bibe pi\u015ftgir. Dema ku hik\u00fbmeta Kurdistan\u00ea ji aliy\u00ea P\u00ea\u015fewa (Qaz\u00ee Mihemed) ve hat avakirin, hik\u00fbmeta R\u00fbsyay\u00ea p\u00ea\u015f\u00ee ji bo parastina berjewendiy\u00ean xwe y\u00ean \u015fexs\u00ee pi\u015ftgir\u00ee da v\u00ea hik\u00fbmet\u00ea, l\u00ea pa\u015f\u00ea dema ku d\u00eet ku berjewendiy\u00ean w\u00ea ji aliy\u00ea rej\u00eema Pehlew\u00ee ve ba\u015ftir t\u00ea d\u00eetin, pa\u015fve gav av\u00eatin<br>Hik\u00fbmet\u00ea Kurdistan bi ten\u00ea hi\u015ft.<\/p>\n\n\n\n<p class=\"has-text-align-left\">\u00cero tev\u00ee 44 sal zulm \u00fb stemkar\u00ee \u00fb rijandina xw\u00eena ciwan\u00ean me y\u00ean x\u00eeret bi taybet\u00ee ciwan\u00ean neteweya mezin a Kurd, hik\u00fbmeta Komara \u00ceslam\u00ee pi\u015fta xwe bi R\u00fbsiya germ kiriye.<\/p>\n\n\n\n<p class=\"has-text-align-left\">Ev yek di demek\u00ea de ye ku hin kes siyaseta &#8220;N\u00ear\u00eena Rojhilat&#8221; \u015fermezar dikin, ji ber ku R\u00fbsan ti car\u00ee pabendb\u00fbna xwe bi peyman\u00ea re \u00eespat nekirine \u00fb ji bil\u00ee dan\u00eena peyman\u00ean wek\u00ee Turkman\u00e7a\u00ee \u00fb pi\u015ftgir\u00eekirina \u015eah di dema \u015fore\u015f\u00ea de, di \u015fer\u00ea \u00ceran \u00fb Iraq\u00ea de j\u00ee. pi\u015ftgir\u00ee da Saddam. Her\u00ee daw\u00ee di qada s\u00eeber de daxuyaniya Serdar Dr. s\u00ea balafir\u00ean Superjet 100 ku R\u00fbsya bi al\u00eekariya Rojavayiyan \u00e7\u00eadike, wan biryar da ku ji me re kir\u00ea bikin. Du sal dan\u00fbstandin kirin, di dawiy\u00ea de balyoz\u00ea R\u00fbsyay\u00ea 3 caran hat ba min \u00fb got em nikarin vana j\u00ee bi kir\u00ea bidin we, ji ber ku ji %10\u00ea wan par\u00e7eyan Amer\u00eek\u00ee ne. Min got, we got em h\u00eazeke mezin in \u00fb em h\u00eazeke mezin in. Tu \u00e7awa dib\u00eaj\u00ee balafira ku li welat\u00ea te hatiye \u00e7\u00eakirin, em nikarin bi kir\u00ea j\u00ee bidin \u00ceran\u00ea? Gotin h\u00fbn j\u00ee wek\u00ee me ji Amer\u00eekay\u00ea f\u00eam nakin.&#8221;<br>Li ser van malzemey\u00ean r\u00fbsan \u00fb kiryar\u00ean din \u00ean R\u00fbsan, \u00e7i di serdema Tsar\u00eestan de, \u00e7i di serdema Sovyet\u00ea de, \u00e7i j\u00ee pi\u015ft\u00ee hilwe\u015f\u00eena Yek\u00eetiya Sovyet\u00ea, dijber\u00ean xurtkirina t\u00eakiliy\u00ean bi R\u00fbsyay\u00ea re dib\u00eajin ku bi R\u00fbsyay\u00ea re nay\u00ea bawer kirin \u00fb ji ber v\u00ea yek\u00ea div\u00ea ne\u00e7in. Siyaseta &#8220;Rojhilat bin\u00earin&#8221;. Heman arguman di gotin \u00fb niv\u00ees\u00ean dijber\u00ean pol\u00eet\u00eekaya &#8220;Bin\u00eare Rojhilat&#8221; ya \u00eenkarkirina xurtkirina t\u00eakiliy\u00ean bi \u00c7\u00een\u00ea re j\u00ee t\u00ea d\u00eetin.<br>Komara \u00ceslam\u00ee ji bo n\u00ee\u015fandana h\u00eaza xwe \u00fb domandina \u00eestiqrara xwe hem\u00fb am\u00fbran bikar t\u00eene \u00fb eva siyaseteke tam \u015fa\u015f e, d\u00eewarek li ser cemed\u00ea \u00e7\u00eadike, dibe ku her k\u00ealiyek\u00ea li ser dirav\u00ea bizivire \u00fb R\u00fbsya bibe dijmin\u00ea \u00ceran\u00ea.<\/p>\n\n\n\n<p class=\"has-text-align-left\">Herwiha em hem\u00fb \u00fb h\u00fbn j\u00ee dizanin ku \u00e7end roj ber\u00ea gr\u00fbpeke bi nav\u00ea r\u00eaxistina Wagner dest bi serhildan\u00ea kirib\u00fb, ev serhildan \u00fb hema hema derbeya han bi dil\u00ea Komara \u00ceslam\u00ee ne\u00e7\u00fb \u00fb yekser pi\u015ft\u00ee derbasb\u00fbna du saetan, xwe ragihand. Pi\u015ftgiriya ji bo hik\u00fbmeta R\u00fbsyay\u00ea.N\u00fbner\u00ean rej\u00eema \u00ceran\u00ea di w\u00ea baweriy\u00ea de ne ku \u00ead\u00ee av ji R\u00fbsyay\u00ea nay\u00ea germkirin<br>L\u00ea bel\u00ea rast\u00ee bertek\u00ean endam\u00ean ber\u00ea y\u00ean parlementoy\u00ea hat.El\u00ee Motehar\u00ee, parlementer\u00ea ber\u00ea, li hember serhildana koma Wagner, x\u00eetab\u00ee \u201cR\u00fbs\u00ean di nava s\u00eestem\u00ea de\u201d kir \u00fb wiha niv\u00ees\u00ee: \u201cJi \u015fer derbikevin. Ukrayna \u00fb berjewendiy\u00ean gel di ser v\u00ea re deynin.&#8221; &#8220;\u00ceran\u00ea bi berjewendiy\u00ean R\u00fbsyay\u00ea ve gir\u00ea nedin, bizanibin ku R\u00fbsya ne pi\u015ftgiriyeke xurt e.&#8221;<\/p>\n\n\n\n<p class=\"has-text-align-left\">\u00cero serok\u00ea h\u00eaz\u00ean pol\u00ees \u00ean rej\u00eem\u00ea bo al\u00eekariya tepeserkirina h\u00eaz\u00ean xwep\u00ea\u015fander \u00e7\u00fbye Moskoy\u00ea<br>Em ji b\u00eer nekin ku bi t\u00eak\u00e7\u00fbna s\u00eestema niha ya R\u00fbsyay\u00ea re, yek ji bingeh\u00ean sereke y\u00ean rej\u00eem\u00ea d\u00ea lawaz bibe \u00fb t\u00eak bi\u00e7e.<br>Weke ku me d\u00eet, di v\u00ea \u015fore\u015f \u00fb serhildana jinan a jiyana azad de ku li \u00ceran\u00ea p\u00eak hat, R\u00fbsya pi\u015ftgir\u00ee neda s\u00eestema mela \u00fb melayan, ji ber ku li benda derfetek\u00ea b\u00fb ku berjewendiy\u00ean xwe z\u00eade bike, ji ber ku tu car\u00ee bi R\u00fbsyay\u00ea nay\u00ea bawer kirin.<\/p>\n\n\n\n<p class=\"has-text-align-left\">Ji van hevokan em dikarin encamek ba\u015f derx\u00eenin ku \u015fer\u00ea Ukraynay\u00ea ne ten\u00ea ji aliy\u00ea R\u00fbsyay\u00ea ve t\u00ea me\u015fandin, rej\u00eema \u00ceran\u00ea bi \u015fandina firokey\u00ean b\u00ea firokevan \u00fb alav\u00ean le\u015fker\u00ee zarok \u00fb welatiy\u00ean Ukraynay\u00ea dikuje \u00fb em dizanin ku ne rojhilat \u00fb ne j\u00ee rojava Komara \u00ceslam\u00ee ji derewek\u00ea p\u00eave ne ti\u015ftek\u00ee din e \u00fb \u00eero p\u00eawend\u00ee \u00fb bazirganiya bi \u00c7\u00een\u00ea re bi ti welatek\u00ee c\u00eehan\u00ea re n\u00eene.<br>Bi h\u00eaviya hilwe\u015fandina hem\u00fb d\u00eektator\u00ean c\u00eehan\u00ea, Xaminey\u00ee&nbsp;xw\u00eenmij&nbsp;\u00fb&nbsp;P\u00fbt\u00een<\/p>\n","protected":false},"excerpt":{"rendered":"<p>N: S\u00eena n\u00fbr\u00eeBel\u00ea, ji m\u00eaj ve t\u00ea gotin ku hik\u00fbmeta ber\u00ea ya Sovyet an j\u00ee R\u00fbsya nikare ji kes\u00ee re bibe pi\u015ftgir. Dema ku hik\u00fbmeta Kurdistan\u00ea ji aliy\u00ea P\u00ea\u015fewa (Qaz\u00ee Mihemed) ve hat avakirin, hik\u00fbmeta R\u00fbsyay\u00ea p\u00ea\u015f\u00ee ji bo parastina berjewendiy\u00ean xwe y\u00ean \u015fexs\u00ee pi\u015ftgir\u00ee da v\u00ea hik\u00fbmet\u00ea, l\u00ea pa\u015f\u00ea dema ku d\u00eet ku berjewendiy\u00ean [&hellip;]<\/p>\n","protected":false},"author":1,"featured_media":8041,"comment_status":"closed","ping_status":"closed","sticky":false,"template":"","format":"standard","meta":{"jnews-multi-image_gallery":[],"jnews_single_post":{"subtitle":"","format":"standard","video":"","gallery":"","source_name":"","source_url":"","via_name":"","via_url":"","override_template":"0","override":[{"template":"custom","single_blog_custom":"7528","parallax":"1","fullscreen":"1","layout":"right-sidebar","sidebar":"default-sidebar","second_sidebar":"default-sidebar","sticky_sidebar":"1","share_position":"top","share_float_style":"share-monocrhome","show_share_counter":"1","show_view_counter":"1","show_featured":"1","show_post_meta":"1","show_post_author":"0","show_post_author_image":"1","show_post_date":"1","post_date_format":"custom","post_date_format_custom":"Y\/m\/d","show_post_category":"1","show_post_reading_time":"0","post_reading_time_wpm":"300","show_zoom_button":"0","zoom_button_out_step":"2","zoom_button_in_step":"3","show_post_tag":"1","show_prev_next_post":"0","show_popup_post":"0","number_popup_post":"1","show_author_box":"0","show_post_related":"0","show_inline_post_related":"0"}],"override_image_size":"0","image_override":[{"single_post_thumbnail_size":"crop-500","single_post_gallery_size":"crop-500"}],"trending_post":"0","trending_post_position":"meta","trending_post_label":"Trending","sponsored_post":"0","sponsored_post_label":"Sponsored by","sponsored_post_name":"","sponsored_post_url":"","sponsored_post_logo_enable":"0","sponsored_post_logo":"","sponsored_post_desc":"","disable_ad":"0"},"jnews_primary_category":{"id":"","hide":""},"jnews_social_meta":[],"jnews_override_counter":[],"jnews_post_split":[],"footnotes":""},"categories":[29],"tags":[],"class_list":["post-8082","post","type-post","status-publish","format-standard","has-post-thumbnail","hentry","category-29"],"_links":{"self":[{"href":"https:\/\/lawan.com\/index.php?rest_route=\/wp\/v2\/posts\/8082","targetHints":{"allow":["GET"]}}],"collection":[{"href":"https:\/\/lawan.com\/index.php?rest_route=\/wp\/v2\/posts"}],"about":[{"href":"https:\/\/lawan.com\/index.php?rest_route=\/wp\/v2\/types\/post"}],"author":[{"embeddable":true,"href":"https:\/\/lawan.com\/index.php?rest_route=\/wp\/v2\/users\/1"}],"replies":[{"embeddable":true,"href":"https:\/\/lawan.com\/index.php?rest_route=%2Fwp%2Fv2%2Fcomments&post=8082"}],"version-history":[{"count":2,"href":"https:\/\/lawan.com\/index.php?rest_route=\/wp\/v2\/posts\/8082\/revisions"}],"predecessor-version":[{"id":8088,"href":"https:\/\/lawan.com\/index.php?rest_route=\/wp\/v2\/posts\/8082\/revisions\/8088"}],"wp:featuredmedia":[{"embeddable":true,"href":"https:\/\/lawan.com\/index.php?rest_route=\/wp\/v2\/media\/8041"}],"wp:attachment":[{"href":"https:\/\/lawan.com\/index.php?rest_route=%2Fwp%2Fv2%2Fmedia&parent=8082"}],"wp:term":[{"taxonomy":"category","embeddable":true,"href":"https:\/\/lawan.com\/index.php?rest_route=%2Fwp%2Fv2%2Fcategories&post=8082"},{"taxonomy":"post_tag","embeddable":true,"href":"https:\/\/lawan.com\/index.php?rest_route=%2Fwp%2Fv2%2Ftags&post=8082"}],"curies":[{"name":"wp","href":"https:\/\/api.w.org\/{rel}","templated":true}]}}